{"id":212,"date":"2022-12-08T06:06:47","date_gmt":"2022-12-08T06:06:47","guid":{"rendered":"https:\/\/turcjawczasy.net\/et\/?p=212"},"modified":"2022-12-08T06:06:47","modified_gmt":"2022-12-08T06:06:47","slug":"kas-turgis-on-suveaeg-2","status":"publish","type":"post","link":"https:\/\/turcjawczasy.net\/et\/kas-turgis-on-suveaeg-2\/","title":{"rendered":"Kas T\u00fcrgis on suveaeg?"},"content":{"rendered":"<div style=\"text-align:center\"><img decoding=\"async\" src=\"https:\/\/i0.wp.com\/turcjawczasy.net\/wp-content\/uploads\/2022\/01\/cropped-favicon-1.png?fit=512,512&amp;ssl=1\" class=\"attachment-post-thumbnail size-post-thumbnail wp-post-image\" alt=\"Kas T\u00fcrgis on suveaeg?\" title=\"Kas T\u00fcrgis on suveaeg?\" \/><\/div><div itemprop=\"text\">\n<p>T\u00fcrgi standardajav\u00f6\u00f6nd on UTC\/GMT +3 tundi.  Kuigi ettepanekuid DST rakendamiseks on tehtud aastaringselt, pole neid veel rakendatud.  2012. aasta m\u00e4rtsis tegi energeetika- ja loodusvarade ministeerium ettepaneku, et riik peaks DST j\u00e4rgima aastaringselt.  See idee l\u00fckati aga tagasi.<\/p>\n<p><iframe loading=\"lazy\" title=\"Turkey scraps daylight saving time\" width=\"1080\" height=\"608\" src=\"https:\/\/www.youtube.com\/embed\/6Pu4bAk3uxw?feature=oembed\"  allow=\"accelerometer; autoplay; clipboard-write; encrypted-media; gyroscope; picture-in-picture\" allowfullscreen><\/iframe><\/p>\n<h2>T\u00fcrgi standardajav\u00f6\u00f6nd on UTC\/GMT +3 tundi<\/h2>\n<p>T\u00fcrgi standardne ajav\u00f6\u00f6nd on UTC\/GMT +3 tundi.  See teeb Euroopast \u00fche tunni v\u00f5rra ees.  Ida- ja l\u00e4\u00e4nepoolsed punktid on aga peaaegu tunnise vahega, mis v\u00f5ib reisijatele segadusse ajada.  Lisaks ei kasuta T\u00fcrgi suveaega.  Selle asemel kasutab see Ida-Euroopa suveaega, mis on UTC +0200 v\u00f5i +0300.  Kuna T\u00fcrgi on Euroopa riigi kohta \u00fcsna suur, sobib selle ajav\u00f6\u00f6ndisse UTC\/GMT +3 tundi.<\/p>\n<p>Alates 2018. aasta aprillist on T\u00fcrgi standardne ajav\u00f6\u00f6nd UTC +3 tundi.  See t\u00e4hendab, et Istanbul on n\u00e4ivast p\u00e4ikeseajast ligikaudu 50 tundi ees.  See ei pruugi olla probleem, kuid enne maale reisimist tasub sellega arvestada.<\/p>\n<h2>Suveaeg T\u00fcrgis<\/h2>\n<ol>\n<li>Suveaeg on rahvusvaheline ajamuutus, mis m\u00f5jutab 1,5 miljardit inimest.  See s\u00e4\u00e4stab igal aastal ligikaudu 6,82 miljardit kilovatt-tundi elektrit ja 431,9 miljonit dollarit ajas muutuvates kommunaalteenuste hindades.  Kuigi T\u00fcrgi ei plaani oma praktikat muuta, on paljud Euroopa ja USA riigid seda muudatust juba kohandanud.<\/li>\n<li><span style=\"font-size: 1rem; color: var(--ast-global-color-3); background-color: var(--ast-global-color-5);\">T\u00fcrgi kohandas tava viis aastat tagasi ega muuda enam aega kaks korda aastas.  M\u00f5ned kriitikud n\u00f5uavad p\u00fcsivaid muutusi, kuid valitsus j\u00e4\u00e4b kindlaks.<\/span><\/li>\n<li><span style=\"font-size: 1rem; color: var(--ast-global-color-3); background-color: var(--ast-global-color-5);\">T\u00fcrgi j\u00e4rgib suveaega eelmisest p\u00fchap\u00e4evast m\u00e4rtsist kuni eelmise p\u00fchap\u00e4eva oktoobrini.  See muudab kellasid \u00fche tunni v\u00f5rra ja v\u00e4hendab ajavahet riigi ja teiste maailma paikade vahel.  Riik kasutab Egiptusega sama ajav\u00f6\u00f6ndit, mis t\u00e4hendab, et igas kohas liiguvad kellad \u00fche tunni v\u00f5rra edasi.<\/span><\/li>\n<\/ol>\n<p>Algselt pidi T\u00fcrgi laup\u00e4eval tund aega tagasi langema, kuid v\u00f5imud otsustasid muudatuse edasi l\u00fckata p\u00e4rast novembris toimuvaid valimisi.  Paljud kellad trotsisid aga valitsuse otsust ja muutsid kellaaega nagunii.  T\u00fcrgi kodanikud on pettunud ja kasutanud oma frustratsiooni v\u00e4ljaelamiseks isegi sotsiaalmeediat.<\/p>\n<h2>T\u00fcrgi valitsus v\u00e4idab, et suveaeg s\u00e4\u00e4stab energiat<\/h2>\n<p>Kuigi T\u00fcrgi valitsuse s\u00f5nul aitab DST energiat s\u00e4\u00e4sta, on t\u00f5endid vastuolulised.  Istanbuli tehnika\u00fclikooli 2016. aasta uuring v\u00e4idab, et DST s\u00e4\u00e4stab aastas kolm kuni \u00fcheksa protsenti elektritarbimisest.  T\u00fcrgi energiaminister v\u00e4idab, et DST on selle rakendamisest saadik s\u00e4\u00e4stnud kuus miljardit kilovatttundi.  Lihtne arvutus n\u00e4itab aga, et tegelikult on riik s\u00e4\u00e4stnud vaid 0,05 protsenti aastas.<\/p>\n<p>DST algne eesm\u00e4rk oli v\u00e4hendada energiatarbimist, v\u00e4hendades kasutatava valgustuse ja elektrienergia hulka.  Kuigi see v\u00e4hendas elektritarbimist, suurendas see tegelikult muude ressursside, n\u00e4iteks k\u00fctuse, tarbimist.  Lisaks olid inimesed t\u00f5en\u00e4olisemalt ostlemas, kui valgus oli endiselt olemas.<\/p>\n<h2>T\u00fcrgi kaotas selle s\u00fcsteemi<\/h2>\n<p><strong>T\u00fcrgi loobus suveajast<\/strong> (DST) paar aastat tagasi.  Riik l\u00e4ks iga-aastasest \u00fchetunnisest ajamuutusest iga-aastasele kahetunnisele ajamuutusele.  Selle endine energia- ja loodusvarade minister Berat Albayrak kaitses seda tava, viidates uuringutele, mis n\u00e4itavad suurenenud tootlikkust.  T\u00fcrgi on olnud GMT+2 ajav\u00f6\u00f6ndis alates 1970. aastatest ja varem oli m\u00e4rtsist novembrini kellaaega muudetud.<\/p>\n<p>Paljud inimesed on aga endiselt ajamuutuse vastu.  M\u00f5ned v\u00e4idavad, et kaks korda aastas toimuv ajamuutus p\u00f5hjustab terviseprobleeme, samas kui teised usuvad, et see aitab inimestel p\u00e4evasel ajal rohkem \u00e4ra teha.  Kuigi suveaja m\u00f5ju ei ole selge, on uuringud n\u00e4idanud, et pikemate ja kergemate \u00f5htute eelised kaaluvad \u00fcles riskid, eriti kui te pole vahetusega harjunud.  N\u00e4iteks hiljutises Rutgersi \u00fclikooli uuringus leiti, et aja muutus v\u00f5ib p\u00e4\u00e4sta igal aastal \u00fcle 343 elu.  Teine uuring n\u00e4itas, et see v\u00e4hendab surmaga l\u00f5ppenud auto\u00f5nnetuste arvu.<\/p>\n<\/div>\n<!-- AddThis Advanced Settings generic via filter on the_content --><!-- AddThis Share Buttons generic via filter on the_content -->","protected":false},"excerpt":{"rendered":"<p>T\u00fcrgi standardajav\u00f6\u00f6nd on UTC\/GMT +3 tundi. Kuigi ettepanekuid DST rakendamiseks on tehtud aastaringselt, pole neid veel rakendatud. 2012. aasta m\u00e4rtsis tegi energeetika- ja loodusvarade ministeerium ettepaneku, et riik peaks DST j\u00e4rgima aastaringselt. See idee l\u00fckati aga tagasi. T\u00fcrgi standardajav\u00f6\u00f6nd on UTC\/GMT +3 tundi T\u00fcrgi standardne ajav\u00f6\u00f6nd on UTC\/GMT +3 tundi. See teeb Euroopast \u00fche tunni [&hellip;]<!-- AddThis Advanced Settings generic via filter on get_the_excerpt --><!-- AddThis Share Buttons generic via filter on get_the_excerpt --><\/p>\n","protected":false},"author":1,"featured_media":213,"comment_status":"closed","ping_status":"","sticky":false,"template":"","format":"standard","meta":{"_et_pb_use_builder":"","_et_pb_old_content":"","_et_gb_content_width":"","fifu_image_url":"https:\/\/i0.wp.com\/turcjawczasy.net\/wp-content\/uploads\/2022\/01\/cropped-favicon-1.png?fit=512,512&ssl=1","fifu_image_alt":"","footnotes":""},"categories":[3],"tags":[],"class_list":["post-212","post","type-post","status-publish","format-standard","has-post-thumbnail","hentry","category-puhkus"],"jetpack_featured_media_url":"https:\/\/i0.wp.com\/turcjawczasy.net\/wp-content\/uploads\/2022\/01\/cropped-favicon-1.png?fit=512,512&ssl=1","jetpack-related-posts":[{"id":210,"url":"https:\/\/turcjawczasy.net\/et\/mis-on-turgi-ajavoond-puhkus-turgis\/\/","url_meta":{"origin":212,"position":0},"title":"Mis on T\u00fcrgi ajav\u00f6\u00f6nd?  |  Puhkus T\u00fcrgis","author":"","date":"December 7, 2022","format":false,"excerpt":"","rel":"","context":"Similar post","block_context":{"text":"Similar post","link":""},"img":{"alt_text":"","src":"","width":0,"height":0},"classes":[]},{"id":201,"url":"https:\/\/turcjawczasy.net\/et\/mis-on-pistikupesad-turgis-2\/\/","url_meta":{"origin":212,"position":1},"title":"Mis on pistikupesad T\u00fcrgis?","author":"","date":"December 6, 2022","format":false,"excerpt":"","rel":"","context":"Similar post","block_context":{"text":"Similar post","link":""},"img":{"alt_text":"","src":"","width":0,"height":0},"classes":[]},{"id":204,"url":"https:\/\/turcjawczasy.net\/et\/kas-ma-peaksin-turki-sularaha-viima-2\/\/","url_meta":{"origin":212,"position":2},"title":"Kas ma peaksin T\u00fcrki sularaha viima?","author":"","date":"December 7, 2022","format":false,"excerpt":"","rel":"","context":"Similar post","block_context":{"text":"Similar post","link":""},"img":{"alt_text":"","src":"","width":0,"height":0},"classes":[]}],"_links":{"self":[{"href":"https:\/\/turcjawczasy.net\/et\/wp-json\/wp\/v2\/posts\/212","targetHints":{"allow":["GET"]}}],"collection":[{"href":"https:\/\/turcjawczasy.net\/et\/wp-json\/wp\/v2\/posts"}],"about":[{"href":"https:\/\/turcjawczasy.net\/et\/wp-json\/wp\/v2\/types\/post"}],"author":[{"embeddable":true,"href":"https:\/\/turcjawczasy.net\/et\/wp-json\/wp\/v2\/users\/1"}],"replies":[{"embeddable":true,"href":"https:\/\/turcjawczasy.net\/et\/wp-json\/wp\/v2\/comments?post=212"}],"version-history":[{"count":1,"href":"https:\/\/turcjawczasy.net\/et\/wp-json\/wp\/v2\/posts\/212\/revisions"}],"predecessor-version":[{"id":214,"href":"https:\/\/turcjawczasy.net\/et\/wp-json\/wp\/v2\/posts\/212\/revisions\/214"}],"wp:featuredmedia":[{"embeddable":true,"href":"https:\/\/turcjawczasy.net\/et\/wp-json\/wp\/v2\/media\/213"}],"wp:attachment":[{"href":"https:\/\/turcjawczasy.net\/et\/wp-json\/wp\/v2\/media?parent=212"}],"wp:term":[{"taxonomy":"category","embeddable":true,"href":"https:\/\/turcjawczasy.net\/et\/wp-json\/wp\/v2\/categories?post=212"},{"taxonomy":"post_tag","embeddable":true,"href":"https:\/\/turcjawczasy.net\/et\/wp-json\/wp\/v2\/tags?post=212"}],"curies":[{"name":"wp","href":"https:\/\/api.w.org\/{rel}","templated":true}]}}